{"id":4226,"date":"2018-05-07T08:28:24","date_gmt":"2018-05-07T08:28:24","guid":{"rendered":"https:\/\/sfconsultores.com\/?p=1943"},"modified":"2018-05-07T08:28:24","modified_gmt":"2018-05-07T08:28:24","slug":"open-the-term-for-the-affiliation-to-the-program-of-tutoring-to-the-internationalization","status":"publish","type":"post","link":"https:\/\/sfconsultores.com\/en\/open-the-term-for-the-affiliation-to-the-program-of-tutoring-to-the-internationalization\/","title":{"rendered":"OPEN THE DEADLINE FOR ADSCRIPTION TO THE IVACE PROGRAM OF INTERNATIONALIZATION TUTORIES"},"content":{"rendered":"<p style=\"text-align: justify;\">El pasado abril se abri\u00f3 el plazo para la integraci\u00f3n en las diversas l\u00edneas de orientaci\u00f3n a la internacionalizaci\u00f3n de IVACE enfocados a las pymes valencianas que deseen potenciar su presencia en el exterior tanto en el \u00e1mbito comercial como en la b\u00fasqueda de socios tecnol\u00f3gicos, capitalistas, etc.<\/p>\n<p style=\"text-align: justify;\"><a href=\"http:\/\/www.ivace.es\/index.php?option=com_content&amp;view=article&amp;id=6641:programa-asesoramiento-especializado-tutorias&amp;catid=315:servicios-de-internacionalizacion&amp;lang=es&amp;Itemid=100613\">http:\/\/www.ivace.es\/index.php?option=com_content&amp;view=article&amp;id=6641:programa-asesoramiento-especializado-tutorias&amp;catid=315:servicios-de-internacionalizacion&amp;lang=es&amp;Itemid=100613<\/a><\/p>\n<p style=\"text-align: justify;\">SF Consultores figura como empresa tutora en el \u00e1mbito de apoyo y orientaci\u00f3n en la b\u00fasqueda de soporte financiero internacional de las estrategias de I+D+i dentro del marco de ayudas H2020 \u00a0as\u00ed como otros programas de subvenci\u00f3n a la colaboraci\u00f3n internacional.<\/p>\n<p style=\"text-align: justify;\">\nFor any additional information on this subject you can request information on our telephone number 963 74 98 97 or through our <a href=\"https:\/\/sfconsultores.com\/en\/contact-us\/\">Contact Form<\/a>.<\/p>\n","protected":false},"excerpt":{"rendered":"<p>El pasado abril se abri\u00f3 el plazo para la integraci\u00f3n en las diversas l\u00edneas de orientaci\u00f3n a la internacionalizaci\u00f3n de [&hellip;]<\/p>\n","protected":false},"author":1,"featured_media":1725,"comment_status":"closed","ping_status":"closed","sticky":false,"template":"","format":"standard","meta":{"site-sidebar-layout":"default","site-content-layout":"","ast-site-content-layout":"","site-content-style":"default","site-sidebar-style":"default","ast-global-header-display":"","ast-banner-title-visibility":"","ast-main-header-display":"","ast-hfb-above-header-display":"","ast-hfb-below-header-display":"","ast-hfb-mobile-header-display":"","site-post-title":"","ast-breadcrumbs-content":"","ast-featured-img":"","footer-sml-layout":"","theme-transparent-header-meta":"","adv-header-id-meta":"","stick-header-meta":"","header-above-stick-meta":"","header-main-stick-meta":"","header-below-stick-meta":"","astra-migrate-meta-layouts":"default","ast-page-background-enabled":"default","ast-page-background-meta":{"desktop":{"background-color":"var(--ast-global-color-4)","background-image":"","background-repeat":"repeat","background-position":"center center","background-size":"auto","background-attachment":"scroll","background-type":"","background-media":"","overlay-type":"","overlay-color":"","overlay-opacity":"","overlay-gradient":""},"tablet":{"background-color":"","background-image":"","background-repeat":"repeat","background-position":"center center","background-size":"auto","background-attachment":"scroll","background-type":"","background-media":"","overlay-type":"","overlay-color":"","overlay-opacity":"","overlay-gradient":""},"mobile":{"background-color":"","background-image":"","background-repeat":"repeat","background-position":"center center","background-size":"auto","background-attachment":"scroll","background-type":"","background-media":"","overlay-type":"","overlay-color":"","overlay-opacity":"","overlay-gradient":""}},"ast-content-background-meta":{"desktop":{"background-color":"var(--ast-global-color-5)","background-image":"","background-repeat":"repeat","background-position":"center center","background-size":"auto","background-attachment":"scroll","background-type":"","background-media":"","overlay-type":"","overlay-color":"","overlay-opacity":"","overlay-gradient":""},"tablet":{"background-color":"var(--ast-global-color-5)","background-image":"","background-repeat":"repeat","background-position":"center center","background-size":"auto","background-attachment":"scroll","background-type":"","background-media":"","overlay-type":"","overlay-color":"","overlay-opacity":"","overlay-gradient":""},"mobile":{"background-color":"var(--ast-global-color-5)","background-image":"","background-repeat":"repeat","background-position":"center center","background-size":"auto","background-attachment":"scroll","background-type":"","background-media":"","overlay-type":"","overlay-color":"","overlay-opacity":"","overlay-gradient":""}},"footnotes":""},"categories":[1],"tags":[],"class_list":["post-4226","post","type-post","status-publish","format-standard","has-post-thumbnail","hentry","category-noticias"],"yoast_head":"<!-- This site is optimized with the Yoast SEO plugin v26.6 - https:\/\/yoast.com\/wordpress\/plugins\/seo\/ -->\n<title>OPEN THE DEADLINE FOR ADSCRIPTION TO THE IVACE PROGRAM OF INTERNATIONALIZATION TUTORIES<\/title>\n<meta name=\"description\" content=\"SF Consultores. El pasado abril se abri\u00f3 el plazo para la integraci\u00f3n en las diversas l\u00edneas de orientaci\u00f3n a la internacionalizaci\u00f3n de IVACE enfocados a las pymes\" \/>\n<meta name=\"robots\" content=\"index, follow, max-snippet:-1, max-image-preview:large, max-video-preview:-1\" \/>\n<link rel=\"canonical\" href=\"https:\/\/sfconsultores.com\/en\/open-the-term-for-the-affiliation-to-the-program-of-tutoring-to-the-internationalization\/\" \/>\n<meta property=\"og:locale\" content=\"en_GB\" \/>\n<meta property=\"og:type\" content=\"article\" \/>\n<meta property=\"og:title\" content=\"OPEN THE DEADLINE FOR ADSCRIPTION TO THE IVACE PROGRAM OF INTERNATIONALIZATION TUTORIES\" \/>\n<meta property=\"og:description\" content=\"SF Consultores. El pasado abril se abri\u00f3 el plazo para la integraci\u00f3n en las diversas l\u00edneas de orientaci\u00f3n a la internacionalizaci\u00f3n de IVACE enfocados a las pymes\" \/>\n<meta property=\"og:url\" content=\"https:\/\/sfconsultores.com\/en\/open-the-term-for-the-affiliation-to-the-program-of-tutoring-to-the-internationalization\/\" \/>\n<meta property=\"og:site_name\" content=\"Sf Consultores\" \/>\n<meta property=\"article:published_time\" content=\"2018-05-07T08:28:24+00:00\" \/>\n<meta property=\"og:image\" content=\"https:\/\/sfconsultores.com\/en\/wp-content\/uploads\/2017\/10\/ayudas-2.jpg\" \/>\n\t<meta property=\"og:image:width\" content=\"940\" \/>\n\t<meta property=\"og:image:height\" content=\"400\" \/>\n\t<meta property=\"og:image:type\" content=\"image\/jpeg\" \/>\n<meta name=\"author\" content=\"Jordi Llopis Arqu\u00e9s\" \/>\n<meta name=\"twitter:card\" content=\"summary_large_image\" \/>\n<meta name=\"twitter:label1\" content=\"Written by\" \/>\n\t<meta name=\"twitter:data1\" content=\"Jordi Llopis Arqu\u00e9s\" \/>\n\t<meta name=\"twitter:label2\" content=\"Estimated reading time\" \/>\n\t<meta name=\"twitter:data2\" content=\"1 minute\" \/>\n<script type=\"application\/ld+json\" class=\"yoast-schema-graph\">{\"@context\":\"https:\/\/schema.org\",\"@graph\":[{\"@type\":\"Article\",\"@id\":\"https:\/\/sfconsultores.com\/en\/open-the-term-for-the-affiliation-to-the-program-of-tutoring-to-the-internationalization\/#article\",\"isPartOf\":{\"@id\":\"https:\/\/sfconsultores.com\/en\/open-the-term-for-the-affiliation-to-the-program-of-tutoring-to-the-internationalization\/\"},\"author\":{\"name\":\"Jordi Llopis Arqu\u00e9s\",\"@id\":\"https:\/\/sfconsultores.com\/en\/#\/schema\/person\/b2af5d6bd2e42b7d339ae8f459272905\"},\"headline\":\"OPEN THE DEADLINE FOR ADSCRIPTION TO THE IVACE PROGRAM OF INTERNATIONALIZATION TUTORIES\",\"datePublished\":\"2018-05-07T08:28:24+00:00\",\"mainEntityOfPage\":{\"@id\":\"https:\/\/sfconsultores.com\/en\/open-the-term-for-the-affiliation-to-the-program-of-tutoring-to-the-internationalization\/\"},\"wordCount\":156,\"publisher\":{\"@id\":\"https:\/\/sfconsultores.com\/en\/#organization\"},\"image\":{\"@id\":\"https:\/\/sfconsultores.com\/en\/open-the-term-for-the-affiliation-to-the-program-of-tutoring-to-the-internationalization\/#primaryimage\"},\"thumbnailUrl\":\"https:\/\/sfconsultores.com\/en\/wp-content\/uploads\/2017\/10\/ayudas-2.jpg\",\"articleSection\":[\"Noticias\"],\"inLanguage\":\"en-GB\"},{\"@type\":\"WebPage\",\"@id\":\"https:\/\/sfconsultores.com\/en\/open-the-term-for-the-affiliation-to-the-program-of-tutoring-to-the-internationalization\/\",\"url\":\"https:\/\/sfconsultores.com\/en\/open-the-term-for-the-affiliation-to-the-program-of-tutoring-to-the-internationalization\/\",\"name\":\"OPEN THE DEADLINE FOR ADSCRIPTION TO THE IVACE PROGRAM OF INTERNATIONALIZATION TUTORIES\",\"isPartOf\":{\"@id\":\"https:\/\/sfconsultores.com\/en\/#website\"},\"primaryImageOfPage\":{\"@id\":\"https:\/\/sfconsultores.com\/en\/open-the-term-for-the-affiliation-to-the-program-of-tutoring-to-the-internationalization\/#primaryimage\"},\"image\":{\"@id\":\"https:\/\/sfconsultores.com\/en\/open-the-term-for-the-affiliation-to-the-program-of-tutoring-to-the-internationalization\/#primaryimage\"},\"thumbnailUrl\":\"https:\/\/sfconsultores.com\/en\/wp-content\/uploads\/2017\/10\/ayudas-2.jpg\",\"datePublished\":\"2018-05-07T08:28:24+00:00\",\"description\":\"SF Consultores. El pasado abril se abri\u00f3 el plazo para la integraci\u00f3n en las diversas l\u00edneas de orientaci\u00f3n a la internacionalizaci\u00f3n de IVACE enfocados a las pymes\",\"breadcrumb\":{\"@id\":\"https:\/\/sfconsultores.com\/en\/open-the-term-for-the-affiliation-to-the-program-of-tutoring-to-the-internationalization\/#breadcrumb\"},\"inLanguage\":\"en-GB\",\"potentialAction\":[{\"@type\":\"ReadAction\",\"target\":[\"https:\/\/sfconsultores.com\/en\/open-the-term-for-the-affiliation-to-the-program-of-tutoring-to-the-internationalization\/\"]}]},{\"@type\":\"ImageObject\",\"inLanguage\":\"en-GB\",\"@id\":\"https:\/\/sfconsultores.com\/en\/open-the-term-for-the-affiliation-to-the-program-of-tutoring-to-the-internationalization\/#primaryimage\",\"url\":\"https:\/\/sfconsultores.com\/en\/wp-content\/uploads\/2017\/10\/ayudas-2.jpg\",\"contentUrl\":\"https:\/\/sfconsultores.com\/en\/wp-content\/uploads\/2017\/10\/ayudas-2.jpg\",\"width\":940,\"height\":400,\"caption\":\"ayudas para empresas\"},{\"@type\":\"BreadcrumbList\",\"@id\":\"https:\/\/sfconsultores.com\/en\/open-the-term-for-the-affiliation-to-the-program-of-tutoring-to-the-internationalization\/#breadcrumb\",\"itemListElement\":[{\"@type\":\"ListItem\",\"position\":1,\"name\":\"Portada\",\"item\":\"https:\/\/sfconsultores.com\/en\/\"},{\"@type\":\"ListItem\",\"position\":2,\"name\":\"OPEN THE DEADLINE FOR ADSCRIPTION TO THE IVACE PROGRAM OF INTERNATIONALIZATION TUTORIES\"}]},{\"@type\":\"WebSite\",\"@id\":\"https:\/\/sfconsultores.com\/en\/#website\",\"url\":\"https:\/\/sfconsultores.com\/en\/\",\"name\":\"Sf Consultores\",\"description\":\"\",\"publisher\":{\"@id\":\"https:\/\/sfconsultores.com\/en\/#organization\"},\"potentialAction\":[{\"@type\":\"SearchAction\",\"target\":{\"@type\":\"EntryPoint\",\"urlTemplate\":\"https:\/\/sfconsultores.com\/en\/?s={search_term_string}\"},\"query-input\":{\"@type\":\"PropertyValueSpecification\",\"valueRequired\":true,\"valueName\":\"search_term_string\"}}],\"inLanguage\":\"en-GB\"},{\"@type\":\"Organization\",\"@id\":\"https:\/\/sfconsultores.com\/en\/#organization\",\"name\":\"Sf Consultores\",\"url\":\"https:\/\/sfconsultores.com\/en\/\",\"logo\":{\"@type\":\"ImageObject\",\"inLanguage\":\"en-GB\",\"@id\":\"https:\/\/sfconsultores.com\/en\/#\/schema\/logo\/image\/\",\"url\":\"https:\/\/sfconsultores.com\/en\/wp-content\/uploads\/2024\/10\/logo-sf.webp\",\"contentUrl\":\"https:\/\/sfconsultores.com\/en\/wp-content\/uploads\/2024\/10\/logo-sf.webp\",\"width\":1000,\"height\":258,\"caption\":\"Sf Consultores\"},\"image\":{\"@id\":\"https:\/\/sfconsultores.com\/en\/#\/schema\/logo\/image\/\"}},{\"@type\":\"Person\",\"@id\":\"https:\/\/sfconsultores.com\/en\/#\/schema\/person\/b2af5d6bd2e42b7d339ae8f459272905\",\"name\":\"Jordi Llopis Arqu\u00e9s\",\"image\":{\"@type\":\"ImageObject\",\"inLanguage\":\"en-GB\",\"@id\":\"https:\/\/sfconsultores.com\/en\/#\/schema\/person\/image\/\",\"url\":\"https:\/\/secure.gravatar.com\/avatar\/bff96551ef545294a7dfdb67c683620e9a2bc400ae4867ed27ddcb530e32860f?s=96&d=mm&r=g\",\"contentUrl\":\"https:\/\/secure.gravatar.com\/avatar\/bff96551ef545294a7dfdb67c683620e9a2bc400ae4867ed27ddcb530e32860f?s=96&d=mm&r=g\",\"caption\":\"Jordi Llopis Arqu\u00e9s\"},\"url\":\"https:\/\/sfconsultores.com\/en\/author\/sfadmin\/\"}]}<\/script>\n<!-- \/ Yoast SEO plugin. -->","yoast_head_json":{"title":"OPEN THE DEADLINE FOR ADSCRIPTION TO THE IVACE PROGRAM OF INTERNATIONALIZATION TUTORIES","description":"SF Consultores. El pasado abril se abri\u00f3 el plazo para la integraci\u00f3n en las diversas l\u00edneas de orientaci\u00f3n a la internacionalizaci\u00f3n de IVACE enfocados a las pymes","robots":{"index":"index","follow":"follow","max-snippet":"max-snippet:-1","max-image-preview":"max-image-preview:large","max-video-preview":"max-video-preview:-1"},"canonical":"https:\/\/sfconsultores.com\/en\/open-the-term-for-the-affiliation-to-the-program-of-tutoring-to-the-internationalization\/","og_locale":"en_GB","og_type":"article","og_title":"OPEN THE DEADLINE FOR ADSCRIPTION TO THE IVACE PROGRAM OF INTERNATIONALIZATION TUTORIES","og_description":"SF Consultores. El pasado abril se abri\u00f3 el plazo para la integraci\u00f3n en las diversas l\u00edneas de orientaci\u00f3n a la internacionalizaci\u00f3n de IVACE enfocados a las pymes","og_url":"https:\/\/sfconsultores.com\/en\/open-the-term-for-the-affiliation-to-the-program-of-tutoring-to-the-internationalization\/","og_site_name":"Sf Consultores","article_published_time":"2018-05-07T08:28:24+00:00","og_image":[{"width":940,"height":400,"url":"https:\/\/sfconsultores.com\/en\/wp-content\/uploads\/2017\/10\/ayudas-2.jpg","type":"image\/jpeg"}],"author":"Jordi Llopis Arqu\u00e9s","twitter_card":"summary_large_image","twitter_misc":{"Written by":"Jordi Llopis Arqu\u00e9s","Estimated reading time":"1 minute"},"schema":{"@context":"https:\/\/schema.org","@graph":[{"@type":"Article","@id":"https:\/\/sfconsultores.com\/en\/open-the-term-for-the-affiliation-to-the-program-of-tutoring-to-the-internationalization\/#article","isPartOf":{"@id":"https:\/\/sfconsultores.com\/en\/open-the-term-for-the-affiliation-to-the-program-of-tutoring-to-the-internationalization\/"},"author":{"name":"Jordi Llopis Arqu\u00e9s","@id":"https:\/\/sfconsultores.com\/en\/#\/schema\/person\/b2af5d6bd2e42b7d339ae8f459272905"},"headline":"OPEN THE DEADLINE FOR ADSCRIPTION TO THE IVACE PROGRAM OF INTERNATIONALIZATION TUTORIES","datePublished":"2018-05-07T08:28:24+00:00","mainEntityOfPage":{"@id":"https:\/\/sfconsultores.com\/en\/open-the-term-for-the-affiliation-to-the-program-of-tutoring-to-the-internationalization\/"},"wordCount":156,"publisher":{"@id":"https:\/\/sfconsultores.com\/en\/#organization"},"image":{"@id":"https:\/\/sfconsultores.com\/en\/open-the-term-for-the-affiliation-to-the-program-of-tutoring-to-the-internationalization\/#primaryimage"},"thumbnailUrl":"https:\/\/sfconsultores.com\/en\/wp-content\/uploads\/2017\/10\/ayudas-2.jpg","articleSection":["Noticias"],"inLanguage":"en-GB"},{"@type":"WebPage","@id":"https:\/\/sfconsultores.com\/en\/open-the-term-for-the-affiliation-to-the-program-of-tutoring-to-the-internationalization\/","url":"https:\/\/sfconsultores.com\/en\/open-the-term-for-the-affiliation-to-the-program-of-tutoring-to-the-internationalization\/","name":"OPEN THE DEADLINE FOR ADSCRIPTION TO THE IVACE PROGRAM OF INTERNATIONALIZATION TUTORIES","isPartOf":{"@id":"https:\/\/sfconsultores.com\/en\/#website"},"primaryImageOfPage":{"@id":"https:\/\/sfconsultores.com\/en\/open-the-term-for-the-affiliation-to-the-program-of-tutoring-to-the-internationalization\/#primaryimage"},"image":{"@id":"https:\/\/sfconsultores.com\/en\/open-the-term-for-the-affiliation-to-the-program-of-tutoring-to-the-internationalization\/#primaryimage"},"thumbnailUrl":"https:\/\/sfconsultores.com\/en\/wp-content\/uploads\/2017\/10\/ayudas-2.jpg","datePublished":"2018-05-07T08:28:24+00:00","description":"SF Consultores. El pasado abril se abri\u00f3 el plazo para la integraci\u00f3n en las diversas l\u00edneas de orientaci\u00f3n a la internacionalizaci\u00f3n de IVACE enfocados a las pymes","breadcrumb":{"@id":"https:\/\/sfconsultores.com\/en\/open-the-term-for-the-affiliation-to-the-program-of-tutoring-to-the-internationalization\/#breadcrumb"},"inLanguage":"en-GB","potentialAction":[{"@type":"ReadAction","target":["https:\/\/sfconsultores.com\/en\/open-the-term-for-the-affiliation-to-the-program-of-tutoring-to-the-internationalization\/"]}]},{"@type":"ImageObject","inLanguage":"en-GB","@id":"https:\/\/sfconsultores.com\/en\/open-the-term-for-the-affiliation-to-the-program-of-tutoring-to-the-internationalization\/#primaryimage","url":"https:\/\/sfconsultores.com\/en\/wp-content\/uploads\/2017\/10\/ayudas-2.jpg","contentUrl":"https:\/\/sfconsultores.com\/en\/wp-content\/uploads\/2017\/10\/ayudas-2.jpg","width":940,"height":400,"caption":"ayudas para empresas"},{"@type":"BreadcrumbList","@id":"https:\/\/sfconsultores.com\/en\/open-the-term-for-the-affiliation-to-the-program-of-tutoring-to-the-internationalization\/#breadcrumb","itemListElement":[{"@type":"ListItem","position":1,"name":"Portada","item":"https:\/\/sfconsultores.com\/en\/"},{"@type":"ListItem","position":2,"name":"OPEN THE DEADLINE FOR ADSCRIPTION TO THE IVACE PROGRAM OF INTERNATIONALIZATION TUTORIES"}]},{"@type":"WebSite","@id":"https:\/\/sfconsultores.com\/en\/#website","url":"https:\/\/sfconsultores.com\/en\/","name":"Sf Consultores","description":"","publisher":{"@id":"https:\/\/sfconsultores.com\/en\/#organization"},"potentialAction":[{"@type":"SearchAction","target":{"@type":"EntryPoint","urlTemplate":"https:\/\/sfconsultores.com\/en\/?s={search_term_string}"},"query-input":{"@type":"PropertyValueSpecification","valueRequired":true,"valueName":"search_term_string"}}],"inLanguage":"en-GB"},{"@type":"Organization","@id":"https:\/\/sfconsultores.com\/en\/#organization","name":"Sf Consultores","url":"https:\/\/sfconsultores.com\/en\/","logo":{"@type":"ImageObject","inLanguage":"en-GB","@id":"https:\/\/sfconsultores.com\/en\/#\/schema\/logo\/image\/","url":"https:\/\/sfconsultores.com\/en\/wp-content\/uploads\/2024\/10\/logo-sf.webp","contentUrl":"https:\/\/sfconsultores.com\/en\/wp-content\/uploads\/2024\/10\/logo-sf.webp","width":1000,"height":258,"caption":"Sf Consultores"},"image":{"@id":"https:\/\/sfconsultores.com\/en\/#\/schema\/logo\/image\/"}},{"@type":"Person","@id":"https:\/\/sfconsultores.com\/en\/#\/schema\/person\/b2af5d6bd2e42b7d339ae8f459272905","name":"Jordi Llopis Arqu\u00e9s","image":{"@type":"ImageObject","inLanguage":"en-GB","@id":"https:\/\/sfconsultores.com\/en\/#\/schema\/person\/image\/","url":"https:\/\/secure.gravatar.com\/avatar\/bff96551ef545294a7dfdb67c683620e9a2bc400ae4867ed27ddcb530e32860f?s=96&d=mm&r=g","contentUrl":"https:\/\/secure.gravatar.com\/avatar\/bff96551ef545294a7dfdb67c683620e9a2bc400ae4867ed27ddcb530e32860f?s=96&d=mm&r=g","caption":"Jordi Llopis Arqu\u00e9s"},"url":"https:\/\/sfconsultores.com\/en\/author\/sfadmin\/"}]}},"_links":{"self":[{"href":"https:\/\/sfconsultores.com\/en\/wp-json\/wp\/v2\/posts\/4226","targetHints":{"allow":["GET"]}}],"collection":[{"href":"https:\/\/sfconsultores.com\/en\/wp-json\/wp\/v2\/posts"}],"about":[{"href":"https:\/\/sfconsultores.com\/en\/wp-json\/wp\/v2\/types\/post"}],"author":[{"embeddable":true,"href":"https:\/\/sfconsultores.com\/en\/wp-json\/wp\/v2\/users\/1"}],"replies":[{"embeddable":true,"href":"https:\/\/sfconsultores.com\/en\/wp-json\/wp\/v2\/comments?post=4226"}],"version-history":[{"count":0,"href":"https:\/\/sfconsultores.com\/en\/wp-json\/wp\/v2\/posts\/4226\/revisions"}],"wp:featuredmedia":[{"embeddable":true,"href":"https:\/\/sfconsultores.com\/en\/wp-json\/wp\/v2\/media\/1725"}],"wp:attachment":[{"href":"https:\/\/sfconsultores.com\/en\/wp-json\/wp\/v2\/media?parent=4226"}],"wp:term":[{"taxonomy":"category","embeddable":true,"href":"https:\/\/sfconsultores.com\/en\/wp-json\/wp\/v2\/categories?post=4226"},{"taxonomy":"post_tag","embeddable":true,"href":"https:\/\/sfconsultores.com\/en\/wp-json\/wp\/v2\/tags?post=4226"}],"curies":[{"name":"wp","href":"https:\/\/api.w.org\/{rel}","templated":true}]}}